{"id":3230,"date":"2020-09-22T13:50:22","date_gmt":"2020-09-22T11:50:22","guid":{"rendered":"https:\/\/nemo-mobilitaet.de\/blog\/?p=3230"},"modified":"2020-09-22T13:50:24","modified_gmt":"2020-09-22T11:50:24","slug":"nemo-praesentiert-sich-online-in-unterfranken","status":"publish","type":"post","link":"https:\/\/nemo-mobilitaet.de\/blog\/de\/2020\/09\/22\/nemo-praesentiert-sich-online-in-unterfranken\/","title":{"rendered":"NEMo pr\u00e4sentiert sich online in Unterfranken"},"content":{"rendered":"\n<p>Das Forschungsprojekt NEMo ist zwar beendet, dennoch besteht weiterhin gro\u00dfes Interesse an der entwickelten Mobilit\u00e4tsl\u00f6sung f\u00fcr den l\u00e4ndlichen Raum. So auch in bayerischen Unterfranken: Im Rahmen des NachhaltigkeitsFORUMs, dass sowohl online als auch vor Ort in Ebern stattfand, wurde Prof. Marx G\u00f3mez per Videocall live zugeschaltet. In seinem ca. 45 min\u00fctigen NEMo-Vortrag ging Marx G\u00f3mez detailliert auf den Community Gedanken der Fahrkreis-App ein und stellte dar, wie die entwickelte L\u00f6sung unter Einbindung verschiedenster Stakeholder auf l\u00e4ndliche R\u00e4ume au\u00dferhalb der Nordwest-Region \u00fcbertragen werden k\u00f6nnte.Der <a href=\"https:\/\/www.youtube.com\/watch?v=AJSgEhPnUWg\">NEMo-Abschlussfilm<\/a> wurde im Rahmen des Vortrages ebenfalls gezeigt.<\/p>\n\n\n\n<figure class=\"wp-block-image size-large\"><img decoding=\"async\" loading=\"lazy\" width=\"1024\" height=\"576\" src=\"https:\/\/nemo-mobilitaet.de\/blog\/wp-content\/uploads\/2020\/09\/laptop_nemo_online-1024x576.jpg\" alt=\"\" class=\"wp-image-3231\" srcset=\"https:\/\/nemo-mobilitaet.de\/wp-content\/uploads\/2020\/09\/laptop_nemo_online-1024x576.jpg 1024w, https:\/\/nemo-mobilitaet.de\/wp-content\/uploads\/2020\/09\/laptop_nemo_online-300x169.jpg 300w, https:\/\/nemo-mobilitaet.de\/wp-content\/uploads\/2020\/09\/laptop_nemo_online-768x432.jpg 768w, https:\/\/nemo-mobilitaet.de\/wp-content\/uploads\/2020\/09\/laptop_nemo_online-1536x864.jpg 1536w, https:\/\/nemo-mobilitaet.de\/wp-content\/uploads\/2020\/09\/laptop_nemo_online-2048x1152.jpg 2048w, https:\/\/nemo-mobilitaet.de\/wp-content\/uploads\/2020\/09\/laptop_nemo_online-400x225.jpg 400w, https:\/\/nemo-mobilitaet.de\/wp-content\/uploads\/2020\/09\/laptop_nemo_online-780x439.jpg 780w\" sizes=\"(max-width: 1024px) 100vw, 1024px\" \/><figcaption>Professor Marx G\u00f3mez wurde beim Nachhaltigkeitsforum mit seinem NEMo-Vortrag live zugeschaltet.<\/figcaption><\/figure>\n\n\n\n<p>Mit dem NachhaltigkeitsFORUM wollten die Stadt Ebern im unterfr\u00e4nkischen Landkreis Ha\u00dfberge und das Klimaschutz-Netzwerk \u201aWirgestalten-Heimat e.V.\u2018&nbsp;zur Europ\u00e4ischen Mobilit\u00e4tswoche Impulse f\u00fcr eine nachhaltige Mobilit\u00e4t geben. Vor ca. 100 geladenen G\u00e4sten vor Ort, die im Sinne des Infektionsschutzes in der Frauengrundhalle auf dem ehemaligen Eberner Kasernengel\u00e4nde ausreichend Abstand halten konnten, wurde Prof. Marx G\u00f3mez per Video live zugeschaltet. Neben dem Vortrag der VLBA gab es vier weitere Expertenbeitr\u00e4ge von ZF, MPG Rufbus und NRW Mobilstationen. Zum Abschluss diskutierten die Fachexperten im Rahmen einer Podiumsdiskussion, wie l\u00e4ndliche Mobilit\u00e4t zukunftsf\u00e4hig gestaltet werden kann. &nbsp;&nbsp;<\/p>\n","protected":false},"excerpt":{"rendered":"<p>Das Forschungsprojekt NEMo ist zwar beendet, dennoch besteht weiterhin gro\u00dfes Interesse an der entwickelten Mobilit\u00e4tsl\u00f6sung f\u00fcr den l\u00e4ndlichen Raum. So auch in bayerischen Unterfranken: Im Rahmen des NachhaltigkeitsFORUMs, dass sowohl online als auch vor Ort in Ebern stattfand, wurde Prof. Marx G\u00f3mez per Videocall live zugeschaltet. In seinem ca. 45 <a class=\"more-link\" href=\"https:\/\/nemo-mobilitaet.de\/blog\/de\/2020\/09\/22\/nemo-praesentiert-sich-online-in-unterfranken\/\">weiterlesen&#8230;<\/a><\/p>\n","protected":false},"author":1,"featured_media":0,"comment_status":"open","ping_status":"open","sticky":false,"template":"","format":"standard","meta":{"footnotes":"","_links_to":"","_links_to_target":""},"categories":[3],"tags":[],"_links":{"self":[{"href":"https:\/\/nemo-mobilitaet.de\/blog\/wp-json\/wp\/v2\/posts\/3230"}],"collection":[{"href":"https:\/\/nemo-mobilitaet.de\/blog\/wp-json\/wp\/v2\/posts"}],"about":[{"href":"https:\/\/nemo-mobilitaet.de\/blog\/wp-json\/wp\/v2\/types\/post"}],"author":[{"embeddable":true,"href":"https:\/\/nemo-mobilitaet.de\/blog\/wp-json\/wp\/v2\/users\/1"}],"replies":[{"embeddable":true,"href":"https:\/\/nemo-mobilitaet.de\/blog\/wp-json\/wp\/v2\/comments?post=3230"}],"version-history":[{"count":1,"href":"https:\/\/nemo-mobilitaet.de\/blog\/wp-json\/wp\/v2\/posts\/3230\/revisions"}],"predecessor-version":[{"id":3232,"href":"https:\/\/nemo-mobilitaet.de\/blog\/wp-json\/wp\/v2\/posts\/3230\/revisions\/3232"}],"wp:attachment":[{"href":"https:\/\/nemo-mobilitaet.de\/blog\/wp-json\/wp\/v2\/media?parent=3230"}],"wp:term":[{"taxonomy":"category","embeddable":true,"href":"https:\/\/nemo-mobilitaet.de\/blog\/wp-json\/wp\/v2\/categories?post=3230"},{"taxonomy":"post_tag","embeddable":true,"href":"https:\/\/nemo-mobilitaet.de\/blog\/wp-json\/wp\/v2\/tags?post=3230"}],"curies":[{"name":"wp","href":"https:\/\/api.w.org\/{rel}","templated":true}]}}